{"id":10794,"date":"2025-11-21T12:07:05","date_gmt":"2025-11-21T11:07:05","guid":{"rendered":"https:\/\/soeursjumelles.com\/2025\/11\/21\/hors-les-murs-furcy-ne-libre-dabd-al-malik\/"},"modified":"2025-12-15T15:50:27","modified_gmt":"2025-12-15T14:50:27","slug":"hors-les-murs-furcy-ne-libre-dabd-al-malik","status":"publish","type":"post","link":"https:\/\/soeursjumelles.com\/en\/2025\/11\/21\/hors-les-murs-furcy-ne-libre-dabd-al-malik\/","title":{"rendered":"Hors-les-murs : Furcy n\u00e9 libre d&#8217;Abd Al Malik en sa pr\u00e9sence"},"content":{"rendered":"<h4 class=\"date\" style=\"text-align: center;\">Lundi 15 d\u00e9cembre 2025 \u00e0 20h au cin\u00e9ma l&#8217;Arlequin<\/h4>\n<p style=\"text-align: center;\"><img loading=\"lazy\" decoding=\"async\" src=\"https:\/\/soeursjumelles.com\/wp-content\/uploads\/2025\/11\/SJ26_RS_rencontreAAB-affiche-1080x1440pxV2-226x300.jpg\" alt=\"\" width=\"226\" height=\"300\" class=\"size-medium wp-image-10350 aligncenter\" srcset=\"https:\/\/soeursjumelles.com\/wp-content\/uploads\/2025\/11\/SJ26_RS_rencontreAAB-affiche-1080x1440pxV2-226x300.jpg 226w, https:\/\/soeursjumelles.com\/wp-content\/uploads\/2025\/11\/SJ26_RS_rencontreAAB-affiche-1080x1440pxV2-770x1024.jpg 770w, https:\/\/soeursjumelles.com\/wp-content\/uploads\/2025\/11\/SJ26_RS_rencontreAAB-affiche-1080x1440pxV2-768x1021.jpg 768w, https:\/\/soeursjumelles.com\/wp-content\/uploads\/2025\/11\/SJ26_RS_rencontreAAB-affiche-1080x1440pxV2-812x1080.jpg 812w, https:\/\/soeursjumelles.com\/wp-content\/uploads\/2025\/11\/SJ26_RS_rencontreAAB-affiche-1080x1440pxV2-903x1200.jpg 903w, https:\/\/soeursjumelles.com\/wp-content\/uploads\/2025\/11\/SJ26_RS_rencontreAAB-affiche-1080x1440pxV2-677x900.jpg 677w, https:\/\/soeursjumelles.com\/wp-content\/uploads\/2025\/11\/SJ26_RS_rencontreAAB-affiche-1080x1440pxV2-301x400.jpg 301w, https:\/\/soeursjumelles.com\/wp-content\/uploads\/2025\/11\/SJ26_RS_rencontreAAB-affiche-1080x1440pxV2.jpg 1080w\" sizes=\"auto, (max-width: 226px) 100vw, 226px\" \/><a href=\"https:\/\/dulaccinemas.com\/article\/festival-soeurs-jumelles-hors-les-murs-furcy-ne-libre-dabd-al-malik-en-sa-presence\/211659#reservation-seances-block\"><strong>R\u00e9server<\/strong><\/a><\/p>\n<p><span>Nous sommes tr\u00e8s heureux de vous donner rendez-vous pour une <\/span><b><i>Rencontre artistique Soeurs Jumelles<\/i><\/b><span> hors les murs. Avec Dulac Cin\u00e9ma et Memento, nous vous invitons \u00e0 une soir\u00e9e exceptionnelle en compagnie <\/span><b>d\u2019Abd Al Malik<\/b><span>, artiste fid\u00e8le \u00e0 notre ADN : la rencontre entre la musique et l\u2019image.<\/span><\/p>\n<p><span style=\"font-weight: 400;\">S\u0153urs Jumelles explore chaque ann\u00e9e les liens sensibles qui unissent musique et image. Au-del\u00e0 du festival de juin \u00e0 Rochefort, nous imaginons d\u00e9sormais des \u00e9v\u00e9nements hors les murs, \u00e0 Paris et ailleurs, pour ouvrir de nouveaux espaces de cr\u00e9ation et de conversation. Cette soir\u00e9e \u00e0 l\u2019Arlequin inaugure ce cycle. D\u2019autres rendez-vous suivront dans les prochains mois.<\/span><\/p>\n<p><b>Rencontres avec Abd Al Malik<\/b><\/p>\n<p><span style=\"font-weight: 400;\">Les Rencontres Artistiques S\u0153urs Jumelles mettent \u00e0 l\u2019honneur celles et ceux qui cr\u00e9ent entre plusieurs disciplines : cin\u00e9astes, compositeur\u00b7ice\u00b7s, auteur\u00b7ice\u00b7s, musicien\u00b7ne\u00b7s, interpr\u00e8tes. Chaque rencontre est pens\u00e9e comme un dialogue vivant : une \u0153uvre, une parole, un geste, et la mani\u00e8re dont tout cela se r\u00e9pond.<\/span><\/p>\n<p><span style=\"font-weight: 400;\">\u00c0 l\u2019Arlequin, ce dialogue prendra la forme d\u2019une soir\u00e9e enti\u00e8rement consacr\u00e9e \u00e0 l\u2019univers d\u2019Abd Al Malik : une avant-premi\u00e8re de son nouveau film <\/span><b><i>Furcy, n\u00e9 libre<\/i><\/b><span style=\"font-weight: 400;\">, suivie d\u2019une discussion avec l\u2019artiste et son directeur artistique Fabien Coste autour du rapport entre l\u2019image, la musique et le verbe ; puis d\u2019une conversation avec <\/span><span style=\"font-weight: 400;\">Mateo Falkone, Pit Baccardi et Sam&#8217;s <\/span><span style=\"font-weight: 400;\"><span>invit\u00e9s sur un album inspir\u00e9 par la vie de Furcy.<\/span><\/span><\/p>\n<p><b>Avant-premi\u00e8re : Furcy, n\u00e9 libre<\/b><\/p>\n<p><span style=\"font-weight: 400;\">Apr\u00e8s un cocktail de bienvenue et en ouverture de soir\u00e9e, vous d\u00e9couvrirez <\/span><i><span style=\"font-weight: 400;\">Furcy, n\u00e9 libre<\/span><\/i><span style=\"font-weight: 400;\">, le nouveau film \u00e9crit et r\u00e9alis\u00e9 par Abd Al Malik, inspir\u00e9 de faits r\u00e9els.<\/span><\/p>\n<p><strong>\u00cele de La R\u00e9union, 1817.<\/strong><\/p>\n<p><strong>\u00c0 la mort de sa m\u00e8re, l\u2019esclave Furcy d\u00e9couvre des documents qui pourraient prouver qu\u2019il est n\u00e9 libre. Soutenu par un procureur abolitionniste, il entame une longue bataille judiciaire pour faire reconna\u00eetre ses droits.<\/strong><\/p>\n<p><strong>Adapt\u00e9 du livre <i>L\u2019Affaire de l\u2019esclave Furcy<\/i> de Mohammed A\u00efssaoui, le film aborde la libert\u00e9, le droit et la dignit\u00e9 avec une force narrative et musicale qui lui est propre.<\/strong><\/p>\n<p><span style=\"font-weight: 400;\">Nous avons h\u00e2te de partager avec vous cette soir\u00e9e unique et d\u2019ouvrir ensemble ce nouveau cycle d\u2019\u00e9v\u00e9nements hors les murs.<\/span><\/p>\n","protected":false},"excerpt":{"rendered":"<p>Lundi 15 d\u00e9cembre 2025 \u00e0 20h au cin\u00e9ma l&#8217;Arlequin R\u00e9server Nous sommes tr\u00e8s heureux de vous donner rendez-vous pour une Rencontre artistique Soeurs Jumelles hors les murs. Avec Dulac Cin\u00e9ma et Memento, nous vous invitons \u00e0 une soir\u00e9e exceptionnelle en compagnie d\u2019Abd Al Malik, artiste fid\u00e8le \u00e0 notre ADN : la rencontre entre la musique [&hellip;]<\/p>\n","protected":false},"author":5,"featured_media":10351,"comment_status":"closed","ping_status":"closed","sticky":false,"template":"","format":"standard","meta":{"_acf_changed":false,"footnotes":""},"categories":[1],"tags":[],"class_list":["post-10794","post","type-post","status-publish","format-standard","has-post-thumbnail","hentry","category-non-categorise"],"acf":[],"yoast_head":"<!-- This site is optimized with the Yoast SEO plugin v26.5 - https:\/\/yoast.com\/wordpress\/plugins\/seo\/ -->\n<title>Hors-les-murs : Furcy n\u00e9 libre d&#039;Abd Al Malik en sa pr\u00e9sence &#8226; Festival Soeurs Jumelles<\/title>\n<meta name=\"description\" content=\"Rencontre artistique S\u0153urs Jumelles avec Abd Al Malik le 15 d\u00e9cembre au cin\u00e9ma L\u2019Arlequin : avant-premi\u00e8re de Furcy, n\u00e9 libre, \u00e9changes autour de la cr\u00e9ation entre musique et image et conversations avec des artistes invit\u00e9s. Une soir\u00e9e hors les murs exceptionnelle.\" \/>\n<meta name=\"robots\" content=\"index, follow, max-snippet:-1, max-image-preview:large, max-video-preview:-1\" \/>\n<link rel=\"canonical\" href=\"https:\/\/soeursjumelles.com\/en\/2025\/11\/21\/hors-les-murs-furcy-ne-libre-dabd-al-malik\/\" \/>\n<meta property=\"og:locale\" content=\"en_US\" \/>\n<meta property=\"og:type\" content=\"article\" \/>\n<meta property=\"og:title\" content=\"Hors-les-murs : Furcy n\u00e9 libre d&#039;Abd Al Malik en sa pr\u00e9sence &#8226; Festival Soeurs Jumelles\" \/>\n<meta property=\"og:description\" content=\"Rencontre artistique S\u0153urs Jumelles avec Abd Al Malik le 15 d\u00e9cembre au cin\u00e9ma L\u2019Arlequin : avant-premi\u00e8re de Furcy, n\u00e9 libre, \u00e9changes autour de la cr\u00e9ation entre musique et image et conversations avec des artistes invit\u00e9s. Une soir\u00e9e hors les murs exceptionnelle.\" \/>\n<meta property=\"og:url\" content=\"https:\/\/soeursjumelles.com\/en\/2025\/11\/21\/hors-les-murs-furcy-ne-libre-dabd-al-malik\/\" \/>\n<meta property=\"og:site_name\" content=\"Festival Soeurs Jumelles\" \/>\n<meta property=\"article:published_time\" content=\"2025-11-21T11:07:05+00:00\" \/>\n<meta property=\"article:modified_time\" content=\"2025-12-15T14:50:27+00:00\" \/>\n<meta property=\"og:image\" content=\"https:\/\/soeursjumelles.com\/wp-content\/uploads\/2025\/11\/SJ26_RS_rencontreAAB-affiche-1080x1440pxV2.jpg\" \/>\n\t<meta property=\"og:image:width\" content=\"1080\" \/>\n\t<meta property=\"og:image:height\" content=\"1436\" \/>\n\t<meta property=\"og:image:type\" content=\"image\/jpeg\" \/>\n<meta name=\"author\" content=\"juliendemengel@soeursjumelles.com\" \/>\n<meta name=\"twitter:card\" content=\"summary_large_image\" \/>\n<meta name=\"twitter:label1\" content=\"Written by\" \/>\n\t<meta name=\"twitter:data1\" content=\"juliendemengel@soeursjumelles.com\" \/>\n\t<meta name=\"twitter:label2\" content=\"Est. reading time\" \/>\n\t<meta name=\"twitter:data2\" content=\"3 minutes\" \/>\n<script type=\"application\/ld+json\" class=\"yoast-schema-graph\">{\"@context\":\"https:\/\/schema.org\",\"@graph\":[{\"@type\":\"WebPage\",\"@id\":\"https:\/\/soeursjumelles.com\/en\/2025\/11\/21\/hors-les-murs-furcy-ne-libre-dabd-al-malik\/\",\"url\":\"https:\/\/soeursjumelles.com\/en\/2025\/11\/21\/hors-les-murs-furcy-ne-libre-dabd-al-malik\/\",\"name\":\"Hors-les-murs : Furcy n\u00e9 libre d'Abd Al Malik en sa pr\u00e9sence &#8226; Festival Soeurs Jumelles\",\"isPartOf\":{\"@id\":\"https:\/\/soeursjumelles.com\/en\/#website\"},\"primaryImageOfPage\":{\"@id\":\"https:\/\/soeursjumelles.com\/en\/2025\/11\/21\/hors-les-murs-furcy-ne-libre-dabd-al-malik\/#primaryimage\"},\"image\":{\"@id\":\"https:\/\/soeursjumelles.com\/en\/2025\/11\/21\/hors-les-murs-furcy-ne-libre-dabd-al-malik\/#primaryimage\"},\"thumbnailUrl\":\"https:\/\/soeursjumelles.com\/wp-content\/uploads\/2025\/11\/SJ26_RS_rencontreAAB-affiche-1080x1440pxV2.jpg\",\"datePublished\":\"2025-11-21T11:07:05+00:00\",\"dateModified\":\"2025-12-15T14:50:27+00:00\",\"author\":{\"@id\":\"https:\/\/soeursjumelles.com\/en\/#\/schema\/person\/29b0c018ad2e73a1e548777dfd6a19d5\"},\"description\":\"Rencontre artistique S\u0153urs Jumelles avec Abd Al Malik le 15 d\u00e9cembre au cin\u00e9ma L\u2019Arlequin : avant-premi\u00e8re de Furcy, n\u00e9 libre, \u00e9changes autour de la cr\u00e9ation entre musique et image et conversations avec des artistes invit\u00e9s. Une soir\u00e9e hors les murs exceptionnelle.\",\"breadcrumb\":{\"@id\":\"https:\/\/soeursjumelles.com\/en\/2025\/11\/21\/hors-les-murs-furcy-ne-libre-dabd-al-malik\/#breadcrumb\"},\"inLanguage\":\"en-US\",\"potentialAction\":[{\"@type\":\"ReadAction\",\"target\":[\"https:\/\/soeursjumelles.com\/en\/2025\/11\/21\/hors-les-murs-furcy-ne-libre-dabd-al-malik\/\"]}]},{\"@type\":\"ImageObject\",\"inLanguage\":\"en-US\",\"@id\":\"https:\/\/soeursjumelles.com\/en\/2025\/11\/21\/hors-les-murs-furcy-ne-libre-dabd-al-malik\/#primaryimage\",\"url\":\"https:\/\/soeursjumelles.com\/wp-content\/uploads\/2025\/11\/SJ26_RS_rencontreAAB-affiche-1080x1440pxV2.jpg\",\"contentUrl\":\"https:\/\/soeursjumelles.com\/wp-content\/uploads\/2025\/11\/SJ26_RS_rencontreAAB-affiche-1080x1440pxV2.jpg\",\"width\":1080,\"height\":1436},{\"@type\":\"BreadcrumbList\",\"@id\":\"https:\/\/soeursjumelles.com\/en\/2025\/11\/21\/hors-les-murs-furcy-ne-libre-dabd-al-malik\/#breadcrumb\",\"itemListElement\":[{\"@type\":\"ListItem\",\"position\":1,\"name\":\"Home\",\"item\":\"https:\/\/soeursjumelles.com\/en\/\"},{\"@type\":\"ListItem\",\"position\":2,\"name\":\"Hors-les-murs : Furcy n\u00e9 libre d&rsquo;Abd Al Malik en sa pr\u00e9sence\"}]},{\"@type\":\"WebSite\",\"@id\":\"https:\/\/soeursjumelles.com\/en\/#website\",\"url\":\"https:\/\/soeursjumelles.com\/en\/\",\"name\":\"Festival Soeurs Jumelles\",\"description\":\"Rochefort \u2022 23 juin - 28 juin 2026\",\"potentialAction\":[{\"@type\":\"SearchAction\",\"target\":{\"@type\":\"EntryPoint\",\"urlTemplate\":\"https:\/\/soeursjumelles.com\/en\/?s={search_term_string}\"},\"query-input\":{\"@type\":\"PropertyValueSpecification\",\"valueRequired\":true,\"valueName\":\"search_term_string\"}}],\"inLanguage\":\"en-US\"},{\"@type\":\"Person\",\"@id\":\"https:\/\/soeursjumelles.com\/en\/#\/schema\/person\/29b0c018ad2e73a1e548777dfd6a19d5\",\"name\":\"juliendemengel@soeursjumelles.com\",\"image\":{\"@type\":\"ImageObject\",\"inLanguage\":\"en-US\",\"@id\":\"https:\/\/soeursjumelles.com\/en\/#\/schema\/person\/image\/\",\"url\":\"https:\/\/secure.gravatar.com\/avatar\/2b543e9deeb788706501137d53219b04038f068a0e9e41749343915a256e97d7?s=96&d=mm&r=g\",\"contentUrl\":\"https:\/\/secure.gravatar.com\/avatar\/2b543e9deeb788706501137d53219b04038f068a0e9e41749343915a256e97d7?s=96&d=mm&r=g\",\"caption\":\"juliendemengel@soeursjumelles.com\"},\"url\":\"https:\/\/soeursjumelles.com\/en\/author\/juliendemengelsoeursjumelles-com\/\"}]}<\/script>\n<!-- \/ Yoast SEO plugin. -->","yoast_head_json":{"title":"Hors-les-murs : Furcy n\u00e9 libre d'Abd Al Malik en sa pr\u00e9sence &#8226; Festival Soeurs Jumelles","description":"Rencontre artistique S\u0153urs Jumelles avec Abd Al Malik le 15 d\u00e9cembre au cin\u00e9ma L\u2019Arlequin : avant-premi\u00e8re de Furcy, n\u00e9 libre, \u00e9changes autour de la cr\u00e9ation entre musique et image et conversations avec des artistes invit\u00e9s. Une soir\u00e9e hors les murs exceptionnelle.","robots":{"index":"index","follow":"follow","max-snippet":"max-snippet:-1","max-image-preview":"max-image-preview:large","max-video-preview":"max-video-preview:-1"},"canonical":"https:\/\/soeursjumelles.com\/en\/2025\/11\/21\/hors-les-murs-furcy-ne-libre-dabd-al-malik\/","og_locale":"en_US","og_type":"article","og_title":"Hors-les-murs : Furcy n\u00e9 libre d'Abd Al Malik en sa pr\u00e9sence &#8226; Festival Soeurs Jumelles","og_description":"Rencontre artistique S\u0153urs Jumelles avec Abd Al Malik le 15 d\u00e9cembre au cin\u00e9ma L\u2019Arlequin : avant-premi\u00e8re de Furcy, n\u00e9 libre, \u00e9changes autour de la cr\u00e9ation entre musique et image et conversations avec des artistes invit\u00e9s. Une soir\u00e9e hors les murs exceptionnelle.","og_url":"https:\/\/soeursjumelles.com\/en\/2025\/11\/21\/hors-les-murs-furcy-ne-libre-dabd-al-malik\/","og_site_name":"Festival Soeurs Jumelles","article_published_time":"2025-11-21T11:07:05+00:00","article_modified_time":"2025-12-15T14:50:27+00:00","og_image":[{"width":1080,"height":1436,"url":"https:\/\/soeursjumelles.com\/wp-content\/uploads\/2025\/11\/SJ26_RS_rencontreAAB-affiche-1080x1440pxV2.jpg","type":"image\/jpeg"}],"author":"juliendemengel@soeursjumelles.com","twitter_card":"summary_large_image","twitter_misc":{"Written by":"juliendemengel@soeursjumelles.com","Est. reading time":"3 minutes"},"schema":{"@context":"https:\/\/schema.org","@graph":[{"@type":"WebPage","@id":"https:\/\/soeursjumelles.com\/en\/2025\/11\/21\/hors-les-murs-furcy-ne-libre-dabd-al-malik\/","url":"https:\/\/soeursjumelles.com\/en\/2025\/11\/21\/hors-les-murs-furcy-ne-libre-dabd-al-malik\/","name":"Hors-les-murs : Furcy n\u00e9 libre d'Abd Al Malik en sa pr\u00e9sence &#8226; Festival Soeurs Jumelles","isPartOf":{"@id":"https:\/\/soeursjumelles.com\/en\/#website"},"primaryImageOfPage":{"@id":"https:\/\/soeursjumelles.com\/en\/2025\/11\/21\/hors-les-murs-furcy-ne-libre-dabd-al-malik\/#primaryimage"},"image":{"@id":"https:\/\/soeursjumelles.com\/en\/2025\/11\/21\/hors-les-murs-furcy-ne-libre-dabd-al-malik\/#primaryimage"},"thumbnailUrl":"https:\/\/soeursjumelles.com\/wp-content\/uploads\/2025\/11\/SJ26_RS_rencontreAAB-affiche-1080x1440pxV2.jpg","datePublished":"2025-11-21T11:07:05+00:00","dateModified":"2025-12-15T14:50:27+00:00","author":{"@id":"https:\/\/soeursjumelles.com\/en\/#\/schema\/person\/29b0c018ad2e73a1e548777dfd6a19d5"},"description":"Rencontre artistique S\u0153urs Jumelles avec Abd Al Malik le 15 d\u00e9cembre au cin\u00e9ma L\u2019Arlequin : avant-premi\u00e8re de Furcy, n\u00e9 libre, \u00e9changes autour de la cr\u00e9ation entre musique et image et conversations avec des artistes invit\u00e9s. Une soir\u00e9e hors les murs exceptionnelle.","breadcrumb":{"@id":"https:\/\/soeursjumelles.com\/en\/2025\/11\/21\/hors-les-murs-furcy-ne-libre-dabd-al-malik\/#breadcrumb"},"inLanguage":"en-US","potentialAction":[{"@type":"ReadAction","target":["https:\/\/soeursjumelles.com\/en\/2025\/11\/21\/hors-les-murs-furcy-ne-libre-dabd-al-malik\/"]}]},{"@type":"ImageObject","inLanguage":"en-US","@id":"https:\/\/soeursjumelles.com\/en\/2025\/11\/21\/hors-les-murs-furcy-ne-libre-dabd-al-malik\/#primaryimage","url":"https:\/\/soeursjumelles.com\/wp-content\/uploads\/2025\/11\/SJ26_RS_rencontreAAB-affiche-1080x1440pxV2.jpg","contentUrl":"https:\/\/soeursjumelles.com\/wp-content\/uploads\/2025\/11\/SJ26_RS_rencontreAAB-affiche-1080x1440pxV2.jpg","width":1080,"height":1436},{"@type":"BreadcrumbList","@id":"https:\/\/soeursjumelles.com\/en\/2025\/11\/21\/hors-les-murs-furcy-ne-libre-dabd-al-malik\/#breadcrumb","itemListElement":[{"@type":"ListItem","position":1,"name":"Home","item":"https:\/\/soeursjumelles.com\/en\/"},{"@type":"ListItem","position":2,"name":"Hors-les-murs : Furcy n\u00e9 libre d&rsquo;Abd Al Malik en sa pr\u00e9sence"}]},{"@type":"WebSite","@id":"https:\/\/soeursjumelles.com\/en\/#website","url":"https:\/\/soeursjumelles.com\/en\/","name":"Festival Soeurs Jumelles","description":"Rochefort \u2022 23 juin - 28 juin 2026","potentialAction":[{"@type":"SearchAction","target":{"@type":"EntryPoint","urlTemplate":"https:\/\/soeursjumelles.com\/en\/?s={search_term_string}"},"query-input":{"@type":"PropertyValueSpecification","valueRequired":true,"valueName":"search_term_string"}}],"inLanguage":"en-US"},{"@type":"Person","@id":"https:\/\/soeursjumelles.com\/en\/#\/schema\/person\/29b0c018ad2e73a1e548777dfd6a19d5","name":"juliendemengel@soeursjumelles.com","image":{"@type":"ImageObject","inLanguage":"en-US","@id":"https:\/\/soeursjumelles.com\/en\/#\/schema\/person\/image\/","url":"https:\/\/secure.gravatar.com\/avatar\/2b543e9deeb788706501137d53219b04038f068a0e9e41749343915a256e97d7?s=96&d=mm&r=g","contentUrl":"https:\/\/secure.gravatar.com\/avatar\/2b543e9deeb788706501137d53219b04038f068a0e9e41749343915a256e97d7?s=96&d=mm&r=g","caption":"juliendemengel@soeursjumelles.com"},"url":"https:\/\/soeursjumelles.com\/en\/author\/juliendemengelsoeursjumelles-com\/"}]}},"_links":{"self":[{"href":"https:\/\/soeursjumelles.com\/en\/wp-json\/wp\/v2\/posts\/10794","targetHints":{"allow":["GET"]}}],"collection":[{"href":"https:\/\/soeursjumelles.com\/en\/wp-json\/wp\/v2\/posts"}],"about":[{"href":"https:\/\/soeursjumelles.com\/en\/wp-json\/wp\/v2\/types\/post"}],"author":[{"embeddable":true,"href":"https:\/\/soeursjumelles.com\/en\/wp-json\/wp\/v2\/users\/5"}],"replies":[{"embeddable":true,"href":"https:\/\/soeursjumelles.com\/en\/wp-json\/wp\/v2\/comments?post=10794"}],"version-history":[{"count":2,"href":"https:\/\/soeursjumelles.com\/en\/wp-json\/wp\/v2\/posts\/10794\/revisions"}],"predecessor-version":[{"id":10919,"href":"https:\/\/soeursjumelles.com\/en\/wp-json\/wp\/v2\/posts\/10794\/revisions\/10919"}],"wp:featuredmedia":[{"embeddable":true,"href":"https:\/\/soeursjumelles.com\/en\/wp-json\/wp\/v2\/media\/10351"}],"wp:attachment":[{"href":"https:\/\/soeursjumelles.com\/en\/wp-json\/wp\/v2\/media?parent=10794"}],"wp:term":[{"taxonomy":"category","embeddable":true,"href":"https:\/\/soeursjumelles.com\/en\/wp-json\/wp\/v2\/categories?post=10794"},{"taxonomy":"post_tag","embeddable":true,"href":"https:\/\/soeursjumelles.com\/en\/wp-json\/wp\/v2\/tags?post=10794"}],"curies":[{"name":"wp","href":"https:\/\/api.w.org\/{rel}","templated":true}]}}